{"id":5299,"date":"2024-05-23T11:26:22","date_gmt":"2024-05-23T09:26:22","guid":{"rendered":"https:\/\/villa-santanna.eu\/nuovo-ingresso-nellambulatorio-di-pneumologia\/"},"modified":"2024-06-26T12:48:50","modified_gmt":"2024-06-26T10:48:50","slug":"pneumologische-ambulanz-erhaelt-zuwachs","status":"publish","type":"post","link":"https:\/\/villa-santanna.eu\/de\/pneumologische-ambulanz-erhaelt-zuwachs\/","title":{"rendered":"Pneumologische Ambulanz erh\u00e4lt Zuwachs"},"content":{"rendered":"<p>Zuwachs erh\u00e4lt die pneumologische Ambulanz an der Privatklinik St. Anna. Das Team wird durch Dr. Francesca Cemmi verst\u00e4rkt, eine kompetente Pneumologin mit Arbeitserfahrung in von Pavia \u00fcber Bologna und Stra\u00dfburg bis hin zur renommierten Pederzoli-Klinik in Peschiera del Garda.<\/p>\n<p>Schon ihre Doktorarbeit am Institut f\u00fcr Erkrankungen des Atmungsapparats der Universit\u00e4t von Pavia, in der sie sich mit Lungenkarzinomen besch\u00e4ftigt, nimmt vorweg, wohin der Karriereweg Dr. Francesca Cemmi f\u00fchren sollte, und so verwundert es auch nicht, dass auf das Studium die mit Auszeichnung abgeschlossene Ausbildung zur Fach\u00e4rztin f\u00fcr Lungen- und Atemwegserkrankungen folgt.<\/p>\n<p>In ihrem Masterstudium in Bologna steht Dr. Cemmi dann an der Front, f\u00e4llt das Studium doch in die Zeit der Covid-Pandemie. Als Pneumologin ist sie in dieser Phase besonders gefragt, die Fragen, die sie dabei wissenschaftlich besch\u00e4ftigen, sind vorwiegend solche um eine m\u00f6glichst optimale Beatmung von Covid-Patienten.<\/p>\n<p>Bereits zuvor hatte sich die \u00c4rztin in Stra\u00dfburg mit verschiedensten Beatmungstechniken auseinandergesetzt und sich zudem mit Patientinnen und Patienten auseinandergesetzt, die eine Lungentransplantation durchlaufen mussten oder bereits durchlaufen hatten. Danach war Dr. Cemmi sechseinhalb Jahre an der Pederzoli-Klinik in Peschiera del Garda daran beteiligt, die heute renommierte pneumologische OP-Einheit auf den Weg zu bringen.<\/p>\n<p>Ihre gesammelte Erfahrung bringt Dr. Francesca Cemmi nun auch in die Privatklinik St. Anna in Meran ein, wo sie das Team der pneumologischen Ambulanz verst\u00e4rkt. <strong>Hier nimmt sie sich der verschiedensten Erkrankungen des Atmungsapparats an, also vorwiegend von Lunge und Atemwegen.<\/strong> Dabei kann sie davon profitieren, f\u00fcr die Diagnose Zugriff auf die mit High-Tech-Ger\u00e4ten bestens ausgestattete Radiologie-Abteilung der Privatklinik St. Anna zu haben.<\/p>\n<p><strong>Zuallererst geht es darum, der Ursache von Atemproblemen und Atemnot, von Schmerzen in der Brust, anhaltendem Husten, chronischer Bronchitis oder pfeifenden Atemger\u00e4uschen, aber auch von exzessivem Schnarchen oder Schlafapnoe auf den Grund zu gehen, bevor die optimale Behandlung definiert wird.<\/strong> Dazu k\u00fcmmert sich Dr. Cemmi auch um Raucherinnen und Rauchern, Patientinnen und Patienten mit Allergien sowie um solche in Berufen mit einem erh\u00f6hten Risiko einer Atemwegserkrankung.<\/p>\n<p>Dr. Cemmi nimmt sich der Pr\u00e4vention, Diagnose und Behandlung der wichtigsten Erkrankungen des Atemapparats an:<\/p>\n<ul>\n<li>Nasennebenh\u00f6hlenentz\u00fcndungen<\/li>\n<li>Akute Bronchitis<\/li>\n<li>Chronisch obstruktive Lungenerkrankung<\/li>\n<li>Lungentz\u00fcndungen<\/li>\n<li>Asthma<\/li>\n<li>Lungenfibrose<\/li>\n<li>Lungen- und Rippenfellneoplasien<\/li>\n<li>Atemwegs-Allergien<\/li>\n<\/ul>\n<p><strong>Angebotene Dienstleistungen<\/strong><\/p>\n<ul>\n<li>Fach\u00e4rztliche Visite<\/li>\n<li>Vorbeugeuntersuchungen (Raucher, Arbeiter mit erh\u00f6htem Erkrankungsrisiko)<\/li>\n<li>Einfache Spirometrie<\/li>\n<li>Bronchodilatationstest<\/li>\n<\/ul>\n<p>Dr. Cemmi steht den Patientinnen und Patienten der Privatklinik St. Anna f\u00fcr private Untersuchungen in der pneumologischen Ambulanz zur Verf\u00fcgung. Termine k\u00f6nnen wir folgt vorgemerkt werden:<\/p>\n<ul>\n<li><a href=\"https:\/\/villa-santanna.eu\/de\/buchungsbesuche-und-pruefungen\/\">selbst\u00e4ndig online<\/a><\/li>\n<li>per E-Mail an <a href=\"mailto:clinica@villa-santanna.eu\">clinica@villa-santanna.eu<\/a><\/li>\n<li>telefonisch am Empfang (0473 236480)<\/li>\n<\/ul>\n","protected":false},"excerpt":{"rendered":"<p>Zuwachs erh\u00e4lt die pneumologische Ambulanz an der Privatklinik St. Anna. Das Team wird durch Dr. Francesca Cemmi verst\u00e4rkt, eine kompetente Pneumologin mit Arbeitserfahrung in von Pavia \u00fcber Bologna und Stra\u00dfburg bis hin&#8230;<\/p>\n","protected":false},"author":8,"featured_media":5296,"comment_status":"closed","ping_status":"closed","sticky":false,"template":"","format":"standard","meta":{"_acf_changed":false,"footnotes":""},"categories":[12],"tags":[],"class_list":{"0":"post-5299","1":"post","2":"type-post","3":"status-publish","4":"format-standard","5":"has-post-thumbnail","7":"category-medizinzentrum"},"acf":[],"_links":{"self":[{"href":"https:\/\/villa-santanna.eu\/de\/wp-json\/wp\/v2\/posts\/5299","targetHints":{"allow":["GET"]}}],"collection":[{"href":"https:\/\/villa-santanna.eu\/de\/wp-json\/wp\/v2\/posts"}],"about":[{"href":"https:\/\/villa-santanna.eu\/de\/wp-json\/wp\/v2\/types\/post"}],"author":[{"embeddable":true,"href":"https:\/\/villa-santanna.eu\/de\/wp-json\/wp\/v2\/users\/8"}],"replies":[{"embeddable":true,"href":"https:\/\/villa-santanna.eu\/de\/wp-json\/wp\/v2\/comments?post=5299"}],"version-history":[{"count":0,"href":"https:\/\/villa-santanna.eu\/de\/wp-json\/wp\/v2\/posts\/5299\/revisions"}],"wp:featuredmedia":[{"embeddable":true,"href":"https:\/\/villa-santanna.eu\/de\/wp-json\/wp\/v2\/media\/5296"}],"wp:attachment":[{"href":"https:\/\/villa-santanna.eu\/de\/wp-json\/wp\/v2\/media?parent=5299"}],"wp:term":[{"taxonomy":"category","embeddable":true,"href":"https:\/\/villa-santanna.eu\/de\/wp-json\/wp\/v2\/categories?post=5299"},{"taxonomy":"post_tag","embeddable":true,"href":"https:\/\/villa-santanna.eu\/de\/wp-json\/wp\/v2\/tags?post=5299"}],"curies":[{"name":"wp","href":"https:\/\/api.w.org\/{rel}","templated":true}]}}