{"id":5018,"date":"2024-01-17T17:01:59","date_gmt":"2024-01-17T16:01:59","guid":{"rendered":"https:\/\/villa-santanna.eu\/riabilitazione-neurologica-con-tecnologia-vr-realta-virtuale\/"},"modified":"2024-06-26T12:49:23","modified_gmt":"2024-06-26T10:49:23","slug":"neurorehabilitation-mit-vr-technologie","status":"publish","type":"post","link":"https:\/\/villa-santanna.eu\/de\/neurorehabilitation-mit-vr-technologie\/","title":{"rendered":"Neurorehabilitation mit VR-Technologie"},"content":{"rendered":"<p><strong>In der Neurorehabilitation setzt die Privatklinik St. Anna in Meran mit <\/strong><strong>Bended<\/strong><strong> als Partner auf die Unterst\u00fctzung durch VR-Technologie.<\/strong><\/p>\n<p>Pathologien, die unser zentrales Nervensystem betreffen, f\u00fchren zum Verlust von Zellfunktionen im Gehirn, was sich wiederum durch sogenannte neurologische Ausf\u00e4lle bemerkbar macht. So f\u00e4llt es Betroffenen schwer, Bewegungen zu koordinieren, zu sprechen oder auf ihr Ged\u00e4chtnis zuzugreifen. Gr\u00fcnde f\u00fcr neurologische Ausf\u00e4lle k\u00f6nnen neurodegenerative Erkrankungen, etwa Demenz oder Morbus Parkinson, sein, sie k\u00f6nnen aber auch infolge eines Schlaganfalls auftreten.<\/p>\n<p>In beiden F\u00e4llen setzt man auf die Neurorehabilitation, allerdings mit unterschiedlichen Zielen. Geht es etwa nach einem Schlaganfall oder einem chirurgischen Eingriff darum, m\u00f6glichst das gesamte Spektrum der Hirnfunktionen wiederherzustellen, ist das Ziel bei neurodegenerativen Erkrankungen, deren Verlust m\u00f6glichst effizient zu bremsen.<\/p>\n<p><strong>Neurorehabilitationsprogramm mit VR-Visor<\/strong><\/p>\n<p>An der Privatklinik St. Anna in Meran kommt dabei in Zusammenarbeit mit Bended, einem Partner der Klinik, neueste Technologie zum Einsatz, und zwar in Form eines VR-Visors. Dieser\u00a0wurde an der\u00a0Klinik\u00a0bereits erfolgreich in der\u00a0Reha\u00a0eingesetzt, etwa in der post-akuten Phase, also dann, wenn die akute Phase einer Krankheit oder eines orthop\u00e4dischen Problems abgeklungen ist. Ebenfalls mit Erfolg getestet wurde die neue Methode mit Patientinnen und Patienten, die Schwierigkeiten mit ganz bestimmten Bewegungen haben \u2013 Bewegungen, die allerdings f\u00fcr ihre Rehabilitation zentral sind.<\/p>\n<p><strong>Individuelles Programm und mehr Einsatz in der Reha<\/strong><\/p>\n<p>Die Zusammenarbeit mit <a href=\"https:\/\/bended.it\/\" target=\"_blank\" rel=\"noopener\"><u>Bended<\/u><\/a>, Spezialisten f\u00fcr digitale L\u00f6sungen in der Neurorehabilitation, hat der Privatklinik St. Anna in Meran nun die Chance gegeben, innovative immersive Methoden in der Neuroreha einzusetzen, allen voran einen VR-Visor.<\/p>\n<p>Dieser erm\u00f6glicht es, ein individuelles Rehabilitationsprogramm zu absolvieren. Im Falle einer post-akuten Patientin konnte sich diese etwa dank der immersiven virtuellen Realit\u00e4t und spezifischen \u00dcbungen f\u00fcr die oberen Gliedma\u00dfen auf die Wiederherstellung ihrer Bewegungsf\u00e4higkeit konzentrieren. Dar\u00fcber hinaus wurden \u00fcber den VR-Visor ma\u00dfgeschneiderte stimulierende Aktivit\u00e4ten angeregt, Alltagssituationen simuliert und Ged\u00e4chtnisspiele wie Memory gespielt \u2013 alles, um das Ged\u00e4chtnis der Patientin weiter anzuregen.<\/p>\n<p>Die Ergebnisse\u00a0haben das gesamte Team der Privatklinik St. Anna beeindruckt. \u201eDie Behandlung mit Hilfe der virtuellen Realit\u00e4t hat sich als sehr effektive zus\u00e4tzliche Therapiemethode erwiesen\u201c, hei\u00dft es etwa von den beteiligten Physiotherapeuten. \u201eDer Einsatz in unserer t\u00e4glichen Arbeit ist sehr einfach und die Patientinnen und Patienten konnten dadurch bemerkenswerte weitere Fortschritte in ihrer Rehabilitation machen.\u201c<\/p>\n<p><strong>Neurorehabilitation mit VR-Technologie? Melden Sie sich!<\/strong><\/p>\n<p>Dank der Zusammenarbeit mit Bended bietet die Privatklinik St. Anna nun Neurorehabilitation mit VR-Technologie an. Einen Termin vormerken kann man<\/p>\n<ul>\n<li>per E-Mail an <a href=\"mailto:clinica@villa-santanna.eu\"><u>clinica@villa-santanna.eu<\/u><\/a> mit der Anfrage nach einem Termin f\u00fcr ambulante Physiotherapie<\/li>\n<\/ul>\n","protected":false},"excerpt":{"rendered":"<p>In der Neurorehabilitation setzt die Privatklinik St. Anna in Meran mit Bended als Partner auf die Unterst\u00fctzung durch VR-Technologie. Pathologien, die unser zentrales Nervensystem betreffen, f\u00fchren zum Verlust von Zellfunktionen im Gehirn,&#8230;<\/p>\n","protected":false},"author":8,"featured_media":5016,"comment_status":"closed","ping_status":"closed","sticky":false,"template":"","format":"standard","meta":{"_acf_changed":false,"footnotes":""},"categories":[12,14],"tags":[],"class_list":{"0":"post-5018","1":"post","2":"type-post","3":"status-publish","4":"format-standard","5":"has-post-thumbnail","7":"category-medizinzentrum","8":"category-stationaere-auftenthalt"},"acf":[],"_links":{"self":[{"href":"https:\/\/villa-santanna.eu\/de\/wp-json\/wp\/v2\/posts\/5018","targetHints":{"allow":["GET"]}}],"collection":[{"href":"https:\/\/villa-santanna.eu\/de\/wp-json\/wp\/v2\/posts"}],"about":[{"href":"https:\/\/villa-santanna.eu\/de\/wp-json\/wp\/v2\/types\/post"}],"author":[{"embeddable":true,"href":"https:\/\/villa-santanna.eu\/de\/wp-json\/wp\/v2\/users\/8"}],"replies":[{"embeddable":true,"href":"https:\/\/villa-santanna.eu\/de\/wp-json\/wp\/v2\/comments?post=5018"}],"version-history":[{"count":0,"href":"https:\/\/villa-santanna.eu\/de\/wp-json\/wp\/v2\/posts\/5018\/revisions"}],"wp:featuredmedia":[{"embeddable":true,"href":"https:\/\/villa-santanna.eu\/de\/wp-json\/wp\/v2\/media\/5016"}],"wp:attachment":[{"href":"https:\/\/villa-santanna.eu\/de\/wp-json\/wp\/v2\/media?parent=5018"}],"wp:term":[{"taxonomy":"category","embeddable":true,"href":"https:\/\/villa-santanna.eu\/de\/wp-json\/wp\/v2\/categories?post=5018"},{"taxonomy":"post_tag","embeddable":true,"href":"https:\/\/villa-santanna.eu\/de\/wp-json\/wp\/v2\/tags?post=5018"}],"curies":[{"name":"wp","href":"https:\/\/api.w.org\/{rel}","templated":true}]}}