{"id":4793,"date":"2023-09-13T09:11:19","date_gmt":"2023-09-13T07:11:19","guid":{"rendered":"https:\/\/villa-santanna.eu\/nuova-collaborazione-con-la-dott-ssa-patrizia-raffl-riavvio-dellambulatorio-di-fisiatria-e-riabilitazione\/"},"modified":"2024-06-26T12:49:55","modified_gmt":"2024-06-26T10:49:55","slug":"zusammenarbeit-mit-dr-patrizia-raffl-wiedereroeffnung-der-ambulanz-fuer-physiatrie-und-rehabilitation","status":"publish","type":"post","link":"https:\/\/villa-santanna.eu\/de\/zusammenarbeit-mit-dr-patrizia-raffl-wiedereroeffnung-der-ambulanz-fuer-physiatrie-und-rehabilitation\/","title":{"rendered":"Zusammenarbeit mit Dr. Patrizia Raffl \u2013 Wiederer\u00f6ffnung der Ambulanz f\u00fcr Physiatrie und Rehabilitation"},"content":{"rendered":"<p><strong>Fokus auf effiziente Rehabilitation und Verbesserung physischer wie kognitiver F\u00e4higkeiten<\/strong><\/p>\n<p>Die Physikalische und Rehabilitative\u00a0Medizin ist ein Fachgebiet, das kaum jemand kennt. Dabei kommt ihr eine immer gr\u00f6\u00dfere Bedeutung zu, k\u00fcmmern sich Physiater doch um die Rehabilitation von Menschen, die aufgrund verschiedenster Krankheiten oder Verletzungen in ihrem Alltag eingeschr\u00e4nkt sind. Ziel ist, deren physische und kognitive F\u00e4higkeiten zu verbessern und Schmerzen zu minimieren.<\/p>\n<p>Deshalb ist die Zusammenarbeit der Privatklinik St. Anna mit Dr. Patrizia Raffl eine wichtige. Dr. Raffl ist Fach\u00e4rztin f\u00fcr Physikalische Medizin und Rehabilitation und hat an den zu den Z\u00fcrcher RehaZentren geh\u00f6renden Kliniken in Davos und Wald ihre Spezialisierung durchlaufen. Ihr Fokus galt dabei der ganzheitlichen Behandlung von Patienten mit chronischen Schmerzen sowie onkologischen, pneumologischen, neurologischen und kardiologischen Krankheitsbildern.<\/p>\n<p>Schon vor ihrer Spezialisierung und nach ihrer R\u00fcckkehr nach S\u00fcdtirol hat Dr. Raffl zudem im Meraner Krankenhaus Erfahrung gesammelt, bevor sie an die Abteilung f\u00fcr Physische Rehabilitation des Krankenhauses von Bozen gewechselt hat. Dort ist sie bis zur Stellvertreterin des Primars aufgestiegen.<\/p>\n<p>Neben ihrer T\u00e4tigkeit in verschiedensten Kliniken hat Dr. Patrizia Raffl eine Reihe von Zusatzausbildungen durchlaufen. Das Spektrum reicht dabei von Hom\u00f6opathie und Akupunktur \u00fcber die manuelle Medizin bis zu Neuraltherapie.<\/p>\n<p><strong>Rehabilitation an der Privatklinik St. Anna<\/strong><\/p>\n<p>In der Ambulanz f\u00fcr Physiatrie und Rehabilitation der Privatklinik St. Anna entwickelt Dr. Patrizia Raffl Rehabilitationspl\u00e4ne und setzt diese in Zusammenarbeit mit anderen Disziplinen um, und zwar f\u00fcr unterschiedlichste F\u00e4lle:<\/p>\n<ul>\n<li>Sportler mit verletzungs- oder \u00fcberlastungsbedingten Beschwerden, Gelenk- oder Wirbels\u00e4ulenschmerzen, Tendinitis, Bursitis, Achillodynie und Plantarfasziitis<\/li>\n<li>neurologische Patienten, die an den Folgen eines Schlaganfalls, an der Parkinson-Krankheit, an Multipler Sklerose oder Kopfschmerzen leiden<\/li>\n<li>Patienten, die sich einer Gelenk- oder Wirbels\u00e4ulenoperation oder einer Amputation unterzogen haben<\/li>\n<li>Patienten mit Schmerzsyndromen wie Zervikalgie, Dorsalgie, Lumbago, Ischialgie, CRPS, Fibromyalgie, Karpaltunnelsyndrom, Epicondylitis\u00a0radialis oder ulnaris, Bursitis trochanterica und Femoropatellar-Syndrom<\/li>\n<li>Patienten mit prim\u00e4rem und sekund\u00e4rem Lymph\u00f6dem<\/li>\n<li>Patienten mit Lip\u00f6dem<\/li>\n<\/ul>\n<p><strong>Angebotene Leistungen<\/strong><\/p>\n<ul>\n<li>Individuelle Beratung bei Rehapl\u00e4nen und therapeutischen Programmen mit Physiotherapie, manueller Therapie und Mobilisation<\/li>\n<li>Fach\u00e4rztliche Visiten bei chronischen Beschwerden und Schmerzen<\/li>\n<li>Rehabilitationsvorschl\u00e4ge bei neurologischen Beschwerdebildern<\/li>\n<li>Notwendige Physiotherapie aufgrund chronischer Schmerzen, nach Unf\u00e4llen oder Operationen am Bewegungsapparat zur Vorbeugung von Beschwerden bei Fehlbelastungen, Arthrose, Osteoporose o.\u00e4.<\/li>\n<\/ul>\n<p>Dank der Zusammenarbeit mit Dr. Patrizia Raffl ist die Ambulanz f\u00fcr Physiatrie und Rehabilitation an der Privatklinik St. Anna wiederer\u00f6ffnet worden. Einen Termin vormerken kann man<\/p>\n<ul>\n<li><a href=\"https:\/\/www.portalemedica.it\/cdcsanna\/modules\/po\/\" target=\"_blank\" rel=\"noopener\"><u>selbst\u00e4ndig online<\/u><\/a><\/li>\n<li>per E-Mail an <u>clinica@villa-santanna.eu<\/u><\/li>\n<li>per Telefon (Vormerkstelle: 0473 236480)<\/li>\n<\/ul>\n","protected":false},"excerpt":{"rendered":"<p>Fokus auf effiziente Rehabilitation und Verbesserung physischer wie kognitiver F\u00e4higkeiten Die Physikalische und Rehabilitative\u00a0Medizin ist ein Fachgebiet, das kaum jemand kennt. Dabei kommt ihr eine immer gr\u00f6\u00dfere Bedeutung zu, k\u00fcmmern sich Physiater&#8230;<\/p>\n","protected":false},"author":8,"featured_media":4797,"comment_status":"closed","ping_status":"closed","sticky":false,"template":"","format":"standard","meta":{"_acf_changed":false,"footnotes":""},"categories":[12],"tags":[],"class_list":{"0":"post-4793","1":"post","2":"type-post","3":"status-publish","4":"format-standard","5":"has-post-thumbnail","7":"category-medizinzentrum"},"acf":[],"_links":{"self":[{"href":"https:\/\/villa-santanna.eu\/de\/wp-json\/wp\/v2\/posts\/4793","targetHints":{"allow":["GET"]}}],"collection":[{"href":"https:\/\/villa-santanna.eu\/de\/wp-json\/wp\/v2\/posts"}],"about":[{"href":"https:\/\/villa-santanna.eu\/de\/wp-json\/wp\/v2\/types\/post"}],"author":[{"embeddable":true,"href":"https:\/\/villa-santanna.eu\/de\/wp-json\/wp\/v2\/users\/8"}],"replies":[{"embeddable":true,"href":"https:\/\/villa-santanna.eu\/de\/wp-json\/wp\/v2\/comments?post=4793"}],"version-history":[{"count":0,"href":"https:\/\/villa-santanna.eu\/de\/wp-json\/wp\/v2\/posts\/4793\/revisions"}],"wp:featuredmedia":[{"embeddable":true,"href":"https:\/\/villa-santanna.eu\/de\/wp-json\/wp\/v2\/media\/4797"}],"wp:attachment":[{"href":"https:\/\/villa-santanna.eu\/de\/wp-json\/wp\/v2\/media?parent=4793"}],"wp:term":[{"taxonomy":"category","embeddable":true,"href":"https:\/\/villa-santanna.eu\/de\/wp-json\/wp\/v2\/categories?post=4793"},{"taxonomy":"post_tag","embeddable":true,"href":"https:\/\/villa-santanna.eu\/de\/wp-json\/wp\/v2\/tags?post=4793"}],"curies":[{"name":"wp","href":"https:\/\/api.w.org\/{rel}","templated":true}]}}