{"id":3284,"date":"2021-08-09T15:03:23","date_gmt":"2021-08-09T13:03:23","guid":{"rendered":"https:\/\/villa-santanna.eu\/chirurgen-der-privatklinik-st-anna-entwickeln-neue-methode-zur-behandlung-des-karpaltunnelsyndroms\/"},"modified":"2025-04-15T09:19:53","modified_gmt":"2025-04-15T07:19:53","slug":"chirurgen-der-privatklinik-st-anna-entwickeln-neue-methode-zur-behandlung-des-karpaltunnelsyndroms","status":"publish","type":"post","link":"https:\/\/villa-santanna.eu\/de\/chirurgen-der-privatklinik-st-anna-entwickeln-neue-methode-zur-behandlung-des-karpaltunnelsyndroms\/","title":{"rendered":"Chirurgen der Privatklinik St. Anna entwickeln neue Methode zur Behandlung des Karpaltunnelsyndroms"},"content":{"rendered":"[vc_row type=&#8220;in_container&#8220; full_screen_row_position=&#8220;middle&#8220; column_margin=&#8220;default&#8220; column_direction=&#8220;default&#8220; column_direction_tablet=&#8220;default&#8220; column_direction_phone=&#8220;default&#8220; scene_position=&#8220;center&#8220; text_color=&#8220;dark&#8220; text_align=&#8220;left&#8220; row_border_radius=&#8220;none&#8220; row_border_radius_applies=&#8220;bg&#8220; overflow=&#8220;visible&#8220; overlay_strength=&#8220;0.3&#8243; gradient_direction=&#8220;left_to_right&#8220; shape_divider_position=&#8220;bottom&#8220; bg_image_animation=&#8220;none&#8220;][vc_column column_padding=&#8220;no-extra-padding&#8220; column_padding_tablet=&#8220;inherit&#8220; column_padding_phone=&#8220;inherit&#8220; column_padding_position=&#8220;all&#8220; column_element_direction_desktop=&#8220;default&#8220; column_element_spacing=&#8220;default&#8220; desktop_text_alignment=&#8220;default&#8220; tablet_text_alignment=&#8220;default&#8220; phone_text_alignment=&#8220;default&#8220; background_color_opacity=&#8220;1&#8243; background_hover_color_opacity=&#8220;1&#8243; column_backdrop_filter=&#8220;none&#8220; column_shadow=&#8220;none&#8220; column_border_radius=&#8220;none&#8220; column_link_target=&#8220;_self&#8220; column_position=&#8220;default&#8220; gradient_direction=&#8220;left_to_right&#8220; overlay_strength=&#8220;0.3&#8243; width=&#8220;1\/1&#8243; tablet_width_inherit=&#8220;default&#8220; animation_type=&#8220;default&#8220; bg_image_animation=&#8220;none&#8220; border_type=&#8220;simple&#8220; column_border_width=&#8220;none&#8220; column_border_style=&#8220;solid&#8220;][split_line_heading animation_type=&#8220;line-reveal-by-space&#8220; font_style=&#8220;h3&#8243; line_reveal_by_space_text_effect=&#8220;default&#8220; content_alignment=&#8220;default&#8220; mobile_content_alignment=&#8220;inherit&#8220; link_target=&#8220;_self&#8220; text_content=&#8220;Sehen Sie sich den Beitrag von RAI S\u00fcdtirol (15.02.2025) \u00fcber diese innovative Operationstechnik an, die in St. Anna seit mehreren Jahren erfolgreich angewendet wird.&#8220; text_direction=&#8220;default&#8220;][\/split_line_heading][nectar_video_player_self_hosted video_mp4=&#8220;https:\/\/villa-santanna.eu\/wp-content\/uploads\/2025\/04\/Tunnel-Carpale-web.mp4&#8243; align=&#8220;center&#8220; player_functionality=&#8220;default&#8220; border_radius=&#8220;none&#8220; box_shadow=&#8220;none&#8220; advanced_gradient_display_type=&#8220;linear&#8220;][\/vc_column][\/vc_row][vc_row type=&#8220;in_container&#8220; full_screen_row_position=&#8220;middle&#8220; column_margin=&#8220;default&#8220; column_direction=&#8220;default&#8220; column_direction_tablet=&#8220;default&#8220; column_direction_phone=&#8220;default&#8220; scene_position=&#8220;center&#8220; text_color=&#8220;dark&#8220; text_align=&#8220;left&#8220; row_border_radius=&#8220;none&#8220; row_border_radius_applies=&#8220;bg&#8220; overflow=&#8220;visible&#8220; overlay_strength=&#8220;0.3&#8243; gradient_direction=&#8220;left_to_right&#8220; shape_divider_position=&#8220;bottom&#8220; bg_image_animation=&#8220;none&#8220;][vc_column column_padding=&#8220;no-extra-padding&#8220; column_padding_tablet=&#8220;inherit&#8220; column_padding_phone=&#8220;inherit&#8220; column_padding_position=&#8220;all&#8220; column_element_direction_desktop=&#8220;default&#8220; column_element_spacing=&#8220;default&#8220; desktop_text_alignment=&#8220;default&#8220; tablet_text_alignment=&#8220;default&#8220; phone_text_alignment=&#8220;default&#8220; background_color_opacity=&#8220;1&#8243; background_hover_color_opacity=&#8220;1&#8243; column_backdrop_filter=&#8220;none&#8220; column_shadow=&#8220;none&#8220; column_border_radius=&#8220;none&#8220; column_link_target=&#8220;_self&#8220; column_position=&#8220;default&#8220; gradient_direction=&#8220;left_to_right&#8220; overlay_strength=&#8220;0.3&#8243; width=&#8220;1\/1&#8243; tablet_width_inherit=&#8220;default&#8220; animation_type=&#8220;default&#8220; bg_image_animation=&#8220;none&#8220; border_type=&#8220;simple&#8220; column_border_width=&#8220;none&#8220; column_border_style=&#8220;solid&#8220;][vc_column_text]Das Karpaltunnelsyndrom geh\u00f6rt zu den h\u00e4ufigsten Beschwerden an der Hand und zwei \u00c4rzte des Chirurgiezentrums St. Anna haben nun eine innovative Methode zu dessen Behandlung entwickelt.<\/p>\n<p>Es handelt sich um die Chirurgen <a href=\"https:\/\/villa-santanna.eu\/intervento-iperidrosi-plantare\/\" target=\"_blank\" rel=\"noopener\"><u>Ivo Tarfusser<\/u><\/a> und <a href=\"https:\/\/villa-santanna.eu\/trattamento-ambulatoriale-mini-invasivo-morbo-dupuytren\/\" target=\"_blank\" rel=\"noopener\"><u>Frank Nienstedt<\/u><\/a>, die mit ihren Kollegen Markus Mariacher und Wilhelm Berger vom Krankenhaus &#8222;Franz Tappeiner&#8220; in Meran sowie dem Doktoranden Thomas Tarfusser von der Humanitas University Medical School in Pieve Emanuele einen ganz neuen Weg erarbeitet haben, um das Karpaltunnelsyndrom operativ zu behandeln. Einen Weg, der die bis dato gr\u00f6\u00dften Probleme und Herausforderungen weitgehend l\u00f6st.<\/p>\n<p>Traditionell wird das Karpaltunnelsyndrom behandelt, indem der betroffene Nerv freigelegt wird. Dieser Eingriff geht allerdings mit einem relativ langen Schnitt am Handballen einher, die Rehabilitationszeiten sind daher vergleichsweise lang.<\/p>\n<p>Dieser Technik gegen\u00fcber steht ein endoskopischer, also minimalinvasiver Eingriff. Dieser war bisher aber durch schlechte Sichtbedingungen erschwert worden. Zudem wurde w\u00e4hrend der OP zus\u00e4tzlicher Druck auf den ohnehin bereits gesch\u00e4digten Nerv ausge\u00fcbt. Die neue, von den Chirurgen der Privatklinik St. Anna mitentwickelte Technik geht diesen beiden Problemen durch einen neuen Zugang aus dem Weg, der eine bessere Sicht gew\u00e4hrleistet und auch den Nerv nicht komprimiert.<\/p>\n<p>Die neue Technik wurde von deren Urhebern nun <a href=\"https:\/\/journals.lww.com\/techhandsurg\/Abstract\/9000\/Endoscopic_Carpal_Tunnel_Release_Without_Invading.99669.aspx\" target=\"_blank\" rel=\"noopener\"><u> erstmals in einem wissenschaftlichen Artikel beschrieben<\/u><\/a>, der in der renommierten amerikanischen Zeitschrift \u201eTechniques in Hand &amp; Upper Extremity Surgery\u201c ver\u00f6ffentlicht worden ist.[\/vc_column_text][\/vc_column][\/vc_row][vc_row type=&#8220;in_container&#8220; full_screen_row_position=&#8220;middle&#8220; column_margin=&#8220;default&#8220; column_direction=&#8220;default&#8220; column_direction_tablet=&#8220;default&#8220; column_direction_phone=&#8220;default&#8220; scene_position=&#8220;center&#8220; text_color=&#8220;dark&#8220; text_align=&#8220;left&#8220; row_border_radius=&#8220;none&#8220; row_border_radius_applies=&#8220;bg&#8220; overflow=&#8220;visible&#8220; overlay_strength=&#8220;0.3&#8243; gradient_direction=&#8220;left_to_right&#8220; shape_divider_position=&#8220;bottom&#8220; bg_image_animation=&#8220;none&#8220;][vc_column column_padding=&#8220;no-extra-padding&#8220; column_padding_tablet=&#8220;inherit&#8220; column_padding_phone=&#8220;inherit&#8220; column_padding_position=&#8220;all&#8220; column_element_direction_desktop=&#8220;default&#8220; column_element_spacing=&#8220;default&#8220; desktop_text_alignment=&#8220;default&#8220; tablet_text_alignment=&#8220;default&#8220; phone_text_alignment=&#8220;default&#8220; background_color_opacity=&#8220;1&#8243; background_hover_color_opacity=&#8220;1&#8243; column_backdrop_filter=&#8220;none&#8220; column_shadow=&#8220;none&#8220; column_border_radius=&#8220;none&#8220; column_link_target=&#8220;_self&#8220; column_position=&#8220;default&#8220; gradient_direction=&#8220;left_to_right&#8220; overlay_strength=&#8220;0.3&#8243; width=&#8220;1\/1&#8243; tablet_width_inherit=&#8220;default&#8220; animation_type=&#8220;default&#8220; bg_image_animation=&#8220;none&#8220; border_type=&#8220;simple&#8220; column_border_width=&#8220;none&#8220; column_border_style=&#8220;solid&#8220;][vc_column_text]<a href=\"\/wp-content\/uploads\/2021\/08\/Dolomiten_26.02.2022-r.jpg\" target=\"_blank\" rel=\"noopener\">Artikel in der Dolomiten vom Samstag, 26. Februar 2022<\/a>[\/vc_column_text][\/vc_column][\/vc_row]\n","protected":false},"excerpt":{"rendered":"<p>[vc_row type=&#8220;in_container&#8220; full_screen_row_position=&#8220;middle&#8220; column_margin=&#8220;default&#8220; column_direction=&#8220;default&#8220; column_direction_tablet=&#8220;default&#8220; column_direction_phone=&#8220;default&#8220; scene_position=&#8220;center&#8220; text_color=&#8220;dark&#8220; text_align=&#8220;left&#8220; row_border_radius=&#8220;none&#8220; row_border_radius_applies=&#8220;bg&#8220; overflow=&#8220;visible&#8220; overlay_strength=&#8220;0.3&#8243; gradient_direction=&#8220;left_to_right&#8220; shape_divider_position=&#8220;bottom&#8220; bg_image_animation=&#8220;none&#8220;][vc_column column_padding=&#8220;no-extra-padding&#8220; column_padding_tablet=&#8220;inherit&#8220; column_padding_phone=&#8220;inherit&#8220; column_padding_position=&#8220;all&#8220; column_element_direction_desktop=&#8220;default&#8220; column_element_spacing=&#8220;default&#8220; desktop_text_alignment=&#8220;default&#8220; tablet_text_alignment=&#8220;default&#8220; phone_text_alignment=&#8220;default&#8220; background_color_opacity=&#8220;1&#8243; background_hover_color_opacity=&#8220;1&#8243; column_backdrop_filter=&#8220;none&#8220; column_shadow=&#8220;none&#8220; column_border_radius=&#8220;none&#8220; column_link_target=&#8220;_self&#8220;&#8230;<\/p>\n","protected":false},"author":8,"featured_media":978,"comment_status":"closed","ping_status":"closed","sticky":false,"template":"","format":"standard","meta":{"_acf_changed":false,"footnotes":""},"categories":[13],"tags":[],"class_list":{"0":"post-3284","1":"post","2":"type-post","3":"status-publish","4":"format-standard","5":"has-post-thumbnail","7":"category-chirurgiezentrum"},"acf":[],"_links":{"self":[{"href":"https:\/\/villa-santanna.eu\/de\/wp-json\/wp\/v2\/posts\/3284","targetHints":{"allow":["GET"]}}],"collection":[{"href":"https:\/\/villa-santanna.eu\/de\/wp-json\/wp\/v2\/posts"}],"about":[{"href":"https:\/\/villa-santanna.eu\/de\/wp-json\/wp\/v2\/types\/post"}],"author":[{"embeddable":true,"href":"https:\/\/villa-santanna.eu\/de\/wp-json\/wp\/v2\/users\/8"}],"replies":[{"embeddable":true,"href":"https:\/\/villa-santanna.eu\/de\/wp-json\/wp\/v2\/comments?post=3284"}],"version-history":[{"count":2,"href":"https:\/\/villa-santanna.eu\/de\/wp-json\/wp\/v2\/posts\/3284\/revisions"}],"predecessor-version":[{"id":6072,"href":"https:\/\/villa-santanna.eu\/de\/wp-json\/wp\/v2\/posts\/3284\/revisions\/6072"}],"wp:featuredmedia":[{"embeddable":true,"href":"https:\/\/villa-santanna.eu\/de\/wp-json\/wp\/v2\/media\/978"}],"wp:attachment":[{"href":"https:\/\/villa-santanna.eu\/de\/wp-json\/wp\/v2\/media?parent=3284"}],"wp:term":[{"taxonomy":"category","embeddable":true,"href":"https:\/\/villa-santanna.eu\/de\/wp-json\/wp\/v2\/categories?post=3284"},{"taxonomy":"post_tag","embeddable":true,"href":"https:\/\/villa-santanna.eu\/de\/wp-json\/wp\/v2\/tags?post=3284"}],"curies":[{"name":"wp","href":"https:\/\/api.w.org\/{rel}","templated":true}]}}