{"id":3176,"date":"2026-02-01T15:51:32","date_gmt":"2026-02-01T14:51:32","guid":{"rendered":"https:\/\/villa-santanna.eu\/neuer-trakt-der-privatklinik-st-anna\/"},"modified":"2026-03-10T09:16:15","modified_gmt":"2026-03-10T08:16:15","slug":"unsere-klinik-waechst-mit-den-anspruechen-1200-mehr-platz-fuer-neue-dienste","status":"publish","type":"post","link":"https:\/\/villa-santanna.eu\/de\/unsere-klinik-waechst-mit-den-anspruechen-1200-mehr-platz-fuer-neue-dienste\/","title":{"rendered":"Unsere Klinik w\u00e4chst mit den Anspr\u00fcchen: 1200 m\u00b2 mehr Platz f\u00fcr neue Dienste"},"content":{"rendered":"[vc_row type=&#8220;in_container&#8220; full_screen_row_position=&#8220;middle&#8220; column_margin=&#8220;default&#8220; column_direction=&#8220;default&#8220; column_direction_tablet=&#8220;default&#8220; column_direction_phone=&#8220;default&#8220; scene_position=&#8220;center&#8220; text_color=&#8220;dark&#8220; text_align=&#8220;left&#8220; row_border_radius=&#8220;none&#8220; row_border_radius_applies=&#8220;bg&#8220; row_position_desktop=&#8220;default&#8220; row_position_tablet=&#8220;inherit&#8220; row_position_phone=&#8220;inherit&#8220; overflow=&#8220;visible&#8220; overlay_strength=&#8220;0.3&#8243; gradient_direction=&#8220;left_to_right&#8220; shape_divider_position=&#8220;bottom&#8220; bg_image_animation=&#8220;none&#8220;][vc_column column_padding=&#8220;no-extra-padding&#8220; column_padding_tablet=&#8220;inherit&#8220; column_padding_phone=&#8220;inherit&#8220; column_padding_position=&#8220;all&#8220; flex_gap_desktop=&#8220;10px&#8220; column_element_direction_desktop=&#8220;default&#8220; column_element_spacing=&#8220;default&#8220; desktop_text_alignment=&#8220;default&#8220; tablet_text_alignment=&#8220;default&#8220; phone_text_alignment=&#8220;default&#8220; background_color_opacity=&#8220;1&#8243; background_hover_color_opacity=&#8220;1&#8243; column_backdrop_filter=&#8220;none&#8220; column_shadow=&#8220;none&#8220; column_border_radius=&#8220;none&#8220; column_link_target=&#8220;_self&#8220; column_position=&#8220;default&#8220; gradient_direction=&#8220;left_to_right&#8220; overlay_strength=&#8220;0.3&#8243; width=&#8220;1\/1&#8243; tablet_width_inherit=&#8220;default&#8220; animation_type=&#8220;default&#8220; bg_image_animation=&#8220;none&#8220; border_type=&#8220;simple&#8220; column_border_width=&#8220;none&#8220; column_border_style=&#8220;solid&#8220;][vc_column_text css=&#8220;&#8220; text_direction=&#8220;default&#8220;]\n<h2>Die Privatklinik St. Anna bekommt eine neue Abteilung<\/h2>\n<p>Im Juni 2025 sind die Arbeiten zur Erweiterung der Privatklinik St. Anna wieder aufgenommen worden \u2013 und damit eine wichtige Investition in <strong>noch mehr Raum, Komfort und Qualit\u00e4t<\/strong> f\u00fcr unsere Patientinnen und Patienten.<\/p>\n<p>Herzst\u00fcck des Erweiterungsprojekts ist eine <strong>neue Abteilung f\u00fcr intensivmedizinische Rehabilitation<\/strong>, die nicht nur neue Einzelzimmer umfassen wird, sondern auch eine gro\u00dfe Turnhalle, die f\u00fcr die Rehabilitation genutzt wird. Dazu kommt eine Verbindung mit dem Chirurgiezentrum. W\u00e4hrend der gesamten Bauphase wird unsere Klinik voll funktionsf\u00e4hig bleiben.<\/p>\n<h2>Ehrgeiziges Projekt in einmaliger Lage<\/h2>\n<p>W\u00e4hrend (und wegen) der Pandemie ausgesetzt, ist das Erweiterungsprojekt unserer Klinik nun wieder aufgenommen worden, Regie f\u00fchrt das renommierte Bozner Architekturb\u00fcro Monovolume. Das Projekt sieht <strong>eine Aufstockung beider Hauptgeb\u00e4ude<\/strong> unserer Klinik vor, also sowohl des Bettentrakts als auch des Chirurgiezentrums. Die Erh\u00f6hung der Geb\u00e4ude <strong>f\u00fcgt sich optimal in die Umgebung in Obermais ein<\/strong>, das als gr\u00fcne Lunge von Meran gilt.<\/p>\n<h2>Was \u00e4ndert sich konkret?<\/h2>\n<p>Durch die Erweiterung unserer Klinik schaffen wir <strong>1200 Quadratmeter an neuen Fl\u00e4chen<\/strong> und damit<\/p>\n<ul>\n<li><strong>16 neue<\/strong>, moderne, mit allem Komfort ausgestattete<strong> Zimmer <\/strong>(Einzel- und Doppelzimmer),<\/li>\n<li><strong>eine Reha-Turnhalle <\/strong>mit Umkleiden und Duschen,<\/li>\n<li><strong>eine Bar\/ein Restaurant mit Panoramaterrasse,<\/strong><\/li>\n<li><strong>einen Therapiegarten<\/strong>, den wir mit renommierten Landschaftsg\u00e4rtnern geplant haben,<\/li>\n<li><strong>einen Verbindungstrakt <\/strong>zwischen den beiden Hauptgeb\u00e4uden,<\/li>\n<li>einen neuen <strong>zentralen Aufzug<\/strong>, mit dem wir die internen Wege optimieren.<\/li>\n<\/ul>\n<h2>Warum braucht es die neue Abteilung?<\/h2>\n<p>Mit der Er\u00f6ffnung der neuen Abteilung (voraussichtlich <strong>im Juni 2026<\/strong>) kommen wir einer Reihe neuer Bed\u00fcrfnisse entgegen:<\/p>\n<ul>\n<li>der gesteigerten Nachfrage nach Klinikaufenthalten und Rehabilitations-Therapien,<\/li>\n<li>der Anforderung des S\u00fcdtiroler Sanit\u00e4tsbetriebs nach mehr Betten,<\/li>\n<li>der Unterst\u00fctzung unseres chirurgischen Angebots in der postoperativen Phase,<\/li>\n<li>unserem Wunsch nach einer weiteren Steigerung unserer Standards in Sachen Aufnahme, Sicherheit und Innovation.<\/li>\n<\/ul>\n<h2>Wachsen und dabei unserer Identit\u00e4t treu bleiben<\/h2>\n<p>Unser Erweiterungsprojekt ist nichts anderes als eine Best\u00e4tigung dessen, was die Privatklinik St. Anna seit jeher verfolgt: <strong>sich zu entwickeln und dabei unserer Identit\u00e4t treu und in unserer Umgebung verwurzelt zu bleiben<\/strong>. Es ist zudem ein weiterer Schritt, um auch k\u00fcnftig an der Seite unseren Patientinnen und Patienten zu stehen und ihren Bed\u00fcrfnissen Gen\u00fcge tun zu k\u00f6nnen.<\/p>\n<p><a href=\"https:\/\/villa-santanna.eu\/wp-content\/uploads\/2025\/10\/Alto-Adige_Lavori-per-alzare-di-1-piano_01.11.2025.pdf\">Artikel Alto Adige &#8211; 01.11.2025<\/a>[\/vc_column_text][\/vc_column][\/vc_row][vc_row type=&#8220;in_container&#8220; full_screen_row_position=&#8220;middle&#8220; column_margin=&#8220;default&#8220; column_direction=&#8220;default&#8220; column_direction_tablet=&#8220;default&#8220; column_direction_phone=&#8220;default&#8220; scene_position=&#8220;center&#8220; text_color=&#8220;dark&#8220; text_align=&#8220;left&#8220; row_border_radius=&#8220;none&#8220; row_border_radius_applies=&#8220;bg&#8220; row_position_desktop=&#8220;default&#8220; row_position_tablet=&#8220;inherit&#8220; row_position_phone=&#8220;inherit&#8220; overflow=&#8220;visible&#8220; overlay_strength=&#8220;0.3&#8243; gradient_direction=&#8220;left_to_right&#8220; shape_divider_position=&#8220;bottom&#8220; bg_image_animation=&#8220;none&#8220;][vc_column column_padding=&#8220;no-extra-padding&#8220; column_padding_tablet=&#8220;inherit&#8220; column_padding_phone=&#8220;inherit&#8220; column_padding_position=&#8220;all&#8220; flex_gap_desktop=&#8220;10px&#8220; column_element_direction_desktop=&#8220;default&#8220; column_element_spacing=&#8220;default&#8220; desktop_text_alignment=&#8220;default&#8220; tablet_text_alignment=&#8220;default&#8220; phone_text_alignment=&#8220;default&#8220; background_color_opacity=&#8220;1&#8243; background_hover_color_opacity=&#8220;1&#8243; column_backdrop_filter=&#8220;none&#8220; column_shadow=&#8220;none&#8220; column_border_radius=&#8220;none&#8220; column_link_target=&#8220;_self&#8220; column_position=&#8220;default&#8220; gradient_direction=&#8220;left_to_right&#8220; overlay_strength=&#8220;0.3&#8243; width=&#8220;1\/1&#8243; tablet_width_inherit=&#8220;default&#8220; animation_type=&#8220;default&#8220; bg_image_animation=&#8220;none&#8220; border_type=&#8220;simple&#8220; column_border_width=&#8220;none&#8220; column_border_style=&#8220;solid&#8220;][vc_gallery css=&#8220;&#8220; type=&#8220;image_grid&#8220; images=&#8220;3568,7440,7438,7442,7444,7446,6685,6687,6689,6361,7251,7253,7255,7257,7259&#8243; image_grid_loading=&#8220;default&#8220; layout=&#8220;3&#8243; item_spacing=&#8220;default&#8220; gallery_style=&#8220;7&#8243; load_in_animation=&#8220;none&#8220; img_size=&#8220;800&#215;800&#8243;][\/vc_column][\/vc_row][vc_row type=&#8220;in_container&#8220; full_screen_row_position=&#8220;middle&#8220; column_margin=&#8220;default&#8220; column_direction=&#8220;default&#8220; column_direction_tablet=&#8220;default&#8220; column_direction_phone=&#8220;default&#8220; scene_position=&#8220;center&#8220; text_color=&#8220;dark&#8220; text_align=&#8220;left&#8220; row_border_radius=&#8220;none&#8220; row_border_radius_applies=&#8220;bg&#8220; row_position_desktop=&#8220;default&#8220; row_position_tablet=&#8220;inherit&#8220; row_position_phone=&#8220;inherit&#8220; overflow=&#8220;visible&#8220; overlay_strength=&#8220;0.3&#8243; gradient_direction=&#8220;left_to_right&#8220; shape_divider_position=&#8220;bottom&#8220; bg_image_animation=&#8220;none&#8220;][vc_column column_padding=&#8220;no-extra-padding&#8220; column_padding_tablet=&#8220;inherit&#8220; column_padding_phone=&#8220;inherit&#8220; column_padding_position=&#8220;all&#8220; flex_gap_desktop=&#8220;10px&#8220; column_element_direction_desktop=&#8220;default&#8220; column_element_spacing=&#8220;default&#8220; desktop_text_alignment=&#8220;default&#8220; tablet_text_alignment=&#8220;default&#8220; phone_text_alignment=&#8220;default&#8220; background_color_opacity=&#8220;1&#8243; background_hover_color_opacity=&#8220;1&#8243; column_backdrop_filter=&#8220;none&#8220; column_shadow=&#8220;none&#8220; column_border_radius=&#8220;none&#8220; column_link_target=&#8220;_self&#8220; column_position=&#8220;default&#8220; gradient_direction=&#8220;left_to_right&#8220; overlay_strength=&#8220;0.3&#8243; width=&#8220;1\/1&#8243; tablet_width_inherit=&#8220;default&#8220; animation_type=&#8220;default&#8220; bg_image_animation=&#8220;none&#8220; border_type=&#8220;simple&#8220; column_border_width=&#8220;none&#8220; column_border_style=&#8220;solid&#8220;][nectar_video_player_self_hosted video_mp4=&#8220;https:\/\/villa-santanna.eu\/wp-content\/uploads\/2021\/05\/Untitled.mp4&#8243; player_functionality=&#8220;default&#8220; border_radius=&#8220;none&#8220; box_shadow=&#8220;none&#8220; advanced_gradient_display_type=&#8220;linear&#8220;][\/vc_column][\/vc_row]\n","protected":false},"excerpt":{"rendered":"<p>[vc_row type=&#8220;in_container&#8220; full_screen_row_position=&#8220;middle&#8220; column_margin=&#8220;default&#8220; column_direction=&#8220;default&#8220; column_direction_tablet=&#8220;default&#8220; column_direction_phone=&#8220;default&#8220; scene_position=&#8220;center&#8220; text_color=&#8220;dark&#8220; text_align=&#8220;left&#8220; row_border_radius=&#8220;none&#8220; row_border_radius_applies=&#8220;bg&#8220; row_position_desktop=&#8220;default&#8220; row_position_tablet=&#8220;inherit&#8220; row_position_phone=&#8220;inherit&#8220; overflow=&#8220;visible&#8220; overlay_strength=&#8220;0.3&#8243; gradient_direction=&#8220;left_to_right&#8220; shape_divider_position=&#8220;bottom&#8220; bg_image_animation=&#8220;none&#8220;][vc_column column_padding=&#8220;no-extra-padding&#8220; column_padding_tablet=&#8220;inherit&#8220; column_padding_phone=&#8220;inherit&#8220; column_padding_position=&#8220;all&#8220; flex_gap_desktop=&#8220;10px&#8220; column_element_direction_desktop=&#8220;default&#8220; column_element_spacing=&#8220;default&#8220; desktop_text_alignment=&#8220;default&#8220; tablet_text_alignment=&#8220;default&#8220; phone_text_alignment=&#8220;default&#8220; background_color_opacity=&#8220;1&#8243; background_hover_color_opacity=&#8220;1&#8243;&#8230;<\/p>\n","protected":false},"author":8,"featured_media":3566,"comment_status":"closed","ping_status":"closed","sticky":false,"template":"","format":"standard","meta":{"_acf_changed":false,"footnotes":""},"categories":[13,14],"tags":[],"class_list":{"0":"post-3176","1":"post","2":"type-post","3":"status-publish","4":"format-standard","5":"has-post-thumbnail","7":"category-chirurgiezentrum","8":"category-stationaere-auftenthalt"},"acf":[],"_links":{"self":[{"href":"https:\/\/villa-santanna.eu\/de\/wp-json\/wp\/v2\/posts\/3176","targetHints":{"allow":["GET"]}}],"collection":[{"href":"https:\/\/villa-santanna.eu\/de\/wp-json\/wp\/v2\/posts"}],"about":[{"href":"https:\/\/villa-santanna.eu\/de\/wp-json\/wp\/v2\/types\/post"}],"author":[{"embeddable":true,"href":"https:\/\/villa-santanna.eu\/de\/wp-json\/wp\/v2\/users\/8"}],"replies":[{"embeddable":true,"href":"https:\/\/villa-santanna.eu\/de\/wp-json\/wp\/v2\/comments?post=3176"}],"version-history":[{"count":9,"href":"https:\/\/villa-santanna.eu\/de\/wp-json\/wp\/v2\/posts\/3176\/revisions"}],"predecessor-version":[{"id":7449,"href":"https:\/\/villa-santanna.eu\/de\/wp-json\/wp\/v2\/posts\/3176\/revisions\/7449"}],"wp:featuredmedia":[{"embeddable":true,"href":"https:\/\/villa-santanna.eu\/de\/wp-json\/wp\/v2\/media\/3566"}],"wp:attachment":[{"href":"https:\/\/villa-santanna.eu\/de\/wp-json\/wp\/v2\/media?parent=3176"}],"wp:term":[{"taxonomy":"category","embeddable":true,"href":"https:\/\/villa-santanna.eu\/de\/wp-json\/wp\/v2\/categories?post=3176"},{"taxonomy":"post_tag","embeddable":true,"href":"https:\/\/villa-santanna.eu\/de\/wp-json\/wp\/v2\/tags?post=3176"}],"curies":[{"name":"wp","href":"https:\/\/api.w.org\/{rel}","templated":true}]}}