{"id":2179,"date":"2012-11-08T15:17:05","date_gmt":"2012-11-08T14:17:05","guid":{"rendered":"https:\/\/villa-santanna.eu\/?p=2179"},"modified":"2020-04-05T11:58:15","modified_gmt":"2020-04-05T09:58:15","slug":"neu-laserbehandlungen-in-meran","status":"publish","type":"post","link":"https:\/\/villa-santanna.eu\/de\/neu-laserbehandlungen-in-meran\/","title":{"rendered":"NEU! LASERBEHANDLUNGEN IN MERAN"},"content":{"rendered":"<p>Ab Freitag, 9. November bietet Ihnen die Privatklinik Villa St. Anna Laserbehandlungen an.<\/p>\n<p>So wird es ab dem 9. November auch in Meran m\u00f6glich sein, sich Lasertherapien mit Lasern neuester Generation zu unterziehen.<\/p>\n<p>Neben vielen anderen Einsatzm\u00f6glichkeiten des Lasers bietet Ihnen die Privatklinik auch die folgenden Laserbehandlungen an:<\/p>\n<p>Dauerhafte HaarentfernungGef\u00e4\u00dfverletzungen des Gesichts und der unteren Gliedma\u00dfe, einschlie\u00dflich Angiome und CouperoseEntfernung von T\u00e4towierungenBehandlung gutartiger Hautgeschwulste wie Fibroma molle, Alterswarzen, Altersflecken, gew\u00f6hnliche Warzen, FeigwarzenBehandlung von Narben, Akne und DehnungsstreifenGesichtsverj\u00fcngerung<\/p>\n<p>Anl\u00e4sslich des Beginns der Laserbehandlungen stehen der verantwortliche Arzt Dr. Mauro Pavanello und sein Mitarbeiter Dr. Roberto Theisen f\u00fcr detaillierte Informationen und unentgeltliche Tests zu Ihrer Verf\u00fcgung.<\/p>\n<p>F\u00fcr n\u00e4here Informationen und Vormerkungen wenden Sie sich bitte an die folgende Telefonnummer 0473 236480.<\/p>\n","protected":false},"excerpt":{"rendered":"<p>Ab Freitag, 9. November bietet Ihnen die Privatklinik Villa St. Anna Laserbehandlungen an. So wird es ab dem 9. November auch in Meran m\u00f6glich sein, sich Lasertherapien mit Lasern neuester Generation zu&#8230;<\/p>\n","protected":false},"author":8,"featured_media":0,"comment_status":"closed","ping_status":"closed","sticky":false,"template":"","format":"standard","meta":{"_acf_changed":false,"footnotes":""},"categories":[12],"tags":[],"class_list":{"0":"post-2179","1":"post","2":"type-post","3":"status-publish","4":"format-standard","6":"category-medizinzentrum"},"acf":[],"_links":{"self":[{"href":"https:\/\/villa-santanna.eu\/de\/wp-json\/wp\/v2\/posts\/2179","targetHints":{"allow":["GET"]}}],"collection":[{"href":"https:\/\/villa-santanna.eu\/de\/wp-json\/wp\/v2\/posts"}],"about":[{"href":"https:\/\/villa-santanna.eu\/de\/wp-json\/wp\/v2\/types\/post"}],"author":[{"embeddable":true,"href":"https:\/\/villa-santanna.eu\/de\/wp-json\/wp\/v2\/users\/8"}],"replies":[{"embeddable":true,"href":"https:\/\/villa-santanna.eu\/de\/wp-json\/wp\/v2\/comments?post=2179"}],"version-history":[{"count":0,"href":"https:\/\/villa-santanna.eu\/de\/wp-json\/wp\/v2\/posts\/2179\/revisions"}],"wp:attachment":[{"href":"https:\/\/villa-santanna.eu\/de\/wp-json\/wp\/v2\/media?parent=2179"}],"wp:term":[{"taxonomy":"category","embeddable":true,"href":"https:\/\/villa-santanna.eu\/de\/wp-json\/wp\/v2\/categories?post=2179"},{"taxonomy":"post_tag","embeddable":true,"href":"https:\/\/villa-santanna.eu\/de\/wp-json\/wp\/v2\/tags?post=2179"}],"curies":[{"name":"wp","href":"https:\/\/api.w.org\/{rel}","templated":true}]}}