{"id":2052,"date":"2018-07-01T14:24:28","date_gmt":"2018-07-01T12:24:28","guid":{"rendered":"https:\/\/villa-santanna.eu\/?p=2052"},"modified":"2020-04-05T11:58:13","modified_gmt":"2020-04-05T09:58:13","slug":"neue-zusammenarbeit-mit-dr-giancarlo-favero","status":"publish","type":"post","link":"https:\/\/villa-santanna.eu\/de\/neue-zusammenarbeit-mit-dr-giancarlo-favero\/","title":{"rendered":"NEUE ZUSAMMENARBEIT MIT DR. GIANCARLO FAVERO"},"content":{"rendered":"<p>Wir freuen uns Ihnen die neue Zusammenarbeit mit Dr. Giancarlo Favero mitteilen zu d\u00fcrfen. Er ist seit \u00fcber drei\u00dfig Jahren einer der bestangesehenen Gyn\u00e4kologen des Krankenhauses von Meran. Dr. Favero wird auf Terminvereinbarung gyn\u00e4kologische und geburtshilfliche Untersuchungen im Polyambulatorium der Privatklinik Sankt Anna durchf\u00fchren.<\/p>\n","protected":false},"excerpt":{"rendered":"<p>Wir freuen uns Ihnen die neue Zusammenarbeit mit Dr. Giancarlo Favero mitteilen zu d\u00fcrfen. Er ist seit \u00fcber drei\u00dfig Jahren einer der bestangesehenen Gyn\u00e4kologen des Krankenhauses von Meran. Dr. Favero wird auf&#8230;<\/p>\n","protected":false},"author":8,"featured_media":0,"comment_status":"closed","ping_status":"closed","sticky":false,"template":"","format":"standard","meta":{"_acf_changed":false,"footnotes":""},"categories":[12],"tags":[],"class_list":{"0":"post-2052","1":"post","2":"type-post","3":"status-publish","4":"format-standard","6":"category-medizinzentrum"},"acf":[],"_links":{"self":[{"href":"https:\/\/villa-santanna.eu\/de\/wp-json\/wp\/v2\/posts\/2052","targetHints":{"allow":["GET"]}}],"collection":[{"href":"https:\/\/villa-santanna.eu\/de\/wp-json\/wp\/v2\/posts"}],"about":[{"href":"https:\/\/villa-santanna.eu\/de\/wp-json\/wp\/v2\/types\/post"}],"author":[{"embeddable":true,"href":"https:\/\/villa-santanna.eu\/de\/wp-json\/wp\/v2\/users\/8"}],"replies":[{"embeddable":true,"href":"https:\/\/villa-santanna.eu\/de\/wp-json\/wp\/v2\/comments?post=2052"}],"version-history":[{"count":0,"href":"https:\/\/villa-santanna.eu\/de\/wp-json\/wp\/v2\/posts\/2052\/revisions"}],"wp:attachment":[{"href":"https:\/\/villa-santanna.eu\/de\/wp-json\/wp\/v2\/media?parent=2052"}],"wp:term":[{"taxonomy":"category","embeddable":true,"href":"https:\/\/villa-santanna.eu\/de\/wp-json\/wp\/v2\/categories?post=2052"},{"taxonomy":"post_tag","embeddable":true,"href":"https:\/\/villa-santanna.eu\/de\/wp-json\/wp\/v2\/tags?post=2052"}],"curies":[{"name":"wp","href":"https:\/\/api.w.org\/{rel}","templated":true}]}}